{"id":955,"date":"2013-09-09T02:04:56","date_gmt":"2013-09-09T05:04:56","guid":{"rendered":"https:\/\/gia.org.br\/portal\/vacinacao\/"},"modified":"2013-09-09T02:04:56","modified_gmt":"2013-09-09T05:04:56","slug":"vacinacao","status":"publish","type":"post","link":"https:\/\/gia.org.br\/portal\/vacinacao\/","title":{"rendered":"Vacina\u00e7\u00e3o"},"content":{"rendered":"<p><strong><span style=\"font-size: 11.5pt; font-family: Helvetica, sans-serif;\">T\u00edtulo:<\/span><\/strong><span class=\"apple-converted-space\"><\/span><span style=\"font-size: 11.5pt; font-family: Helvetica, sans-serif;\">Vacina\u00e7\u00e3o em til\u00e1pia: saiba mais sobre isso.<\/span><span style=\"font-size: 8.5pt; font-family: Verdana, sans-serif;\"><\/span><\/p>\n<p><span><strong><span style=\"font-size: 11.5pt; font-family: Helvetica, sans-serif;\">Autores:&nbsp;<\/span><\/strong><span class=\"apple-converted-space\"><span style=\"font-size: 11.5pt; font-family: Helvetica, sans-serif;\">&nbsp;Amanda Silveira, Bruna da Silva e Lorena Veraschi<\/span><\/span><span style=\"font-size: 11.5pt; font-family: Helvetica, sans-serif;\"><\/span><\/span><\/p>\n<p>&nbsp;<\/p>\n<p style=\"text-align: justify;\"><span style=\"font-size: 11.5pt; font-family: Helvetica, sans-serif;\">A vacina\u00e7\u00e3o em peixes \u00e9 algo novo no Brasil, por\u00e9m na \u00c1sia e na Europa j\u00e1 \u00e9 uma pr\u00e1tica bem comum entre os produtores. H\u00e1 um ano as vacinas v\u00eam sendo fabricadas na regi\u00e3o sul do Paran\u00e1 e testadas em produ\u00e7\u00e3o de til\u00e1pias. A vacina protege os peixes contra a bact\u00e9ria Streptococcus agalactiae que afeta o sistema nervoso animal e que causa feridas nas escamas, ulceras e les\u00f5es na musculatura. \u00c9 injetada em alevinos de 60 a 70 dias de 30 gramas de peso m\u00e9dio, a uma concentra\u00e7\u00e3o de 0,05 ml e o animal \u00e9 anestesiado por uma solu\u00e7\u00e3o natural que compreende uma mistura de sal, \u00e1gua e \u00f3leo de cravo com \u00e1lcool, cuja a\u00e7\u00e3o \u00e9 a diminui\u00e7\u00e3o do ritmo card\u00edaco e metab\u00f3lico. O objetivo desse projeto foi elaborar um v\u00eddeo sobre a import\u00e2ncia, m\u00e9todo de aplica\u00e7\u00e3o e efeitos da vacina em til\u00e1pias.&nbsp;<\/span><\/p>\n<p style=\"text-align: center;\"><span style=\"font-size: 11.5pt; font-family: Helvetica, sans-serif;\"><\/span><\/p>\n<p style=\"text-align: center;\"><span style=\"font-size: 11.5pt; font-family: Helvetica, sans-serif;\"><span style=\"color: #2793e6; font-family: arial, sans-serif;\"><span style=\"font-size: 11px; cursor: pointer; line-height: 11px;\"><a href=\"http:\/\/youtu.be\/Eo38k7rPMbY\">http:\/\/youtu.be\/Eo38k7rPMbY<\/a><\/span><\/span><a href=\"http:\/\/youtu.be\/Eo38k7rPMbY\" target=\"_blank\"><\/a><\/span><\/p>\n<p style=\"text-align: center;\"><span style=\"font-size: 11.5pt; font-family: Helvetica, sans-serif;\"><span style=\"color: #2793e6; font-family: arial, sans-serif;\"><span style=\"font-size: 11px; cursor: pointer; line-height: 11px;\"><\/span><\/span><\/span><\/p>\n<p style=\"text-align: center;\"><span style=\"font-size: 11.5pt; font-family: Helvetica, sans-serif;\"><span style=\"color: #2793e6; font-family: arial, sans-serif;\"><span style=\"font-size: 11px; cursor: pointer; line-height: 11px;\"><a href=\"http:\/\/www.youtube.com\/watch?v=umeCHrxUgpg&amp;feature=youtu.be\">http:\/\/www.youtube.com\/watch?v=umeCHrxUgpg&amp;feature=youtu.be<\/a><\/span><\/span><\/span><\/p>\n<p style=\"text-align: center;\"><span style=\"font-size: 11.5pt; font-family: Helvetica, sans-serif;\"><span style=\"color: #2793e6; font-family: arial, sans-serif;\"><span style=\"font-size: 11px; cursor: pointer; line-height: 11px;\"><\/span><\/span><\/span><\/p>\n","protected":false},"excerpt":{"rendered":"<p>T\u00edtulo:Vacina\u00e7\u00e3o em til\u00e1pia: saiba mais sobre isso. Autores:&nbsp;&nbsp;Amanda Silveira, Bruna da Silva e Lorena Veraschi &nbsp; A vacina\u00e7\u00e3o em peixes \u00e9 algo novo no Brasil, por\u00e9m na \u00c1sia e na Europa j\u00e1 \u00e9 uma pr\u00e1tica bem comum entre os produtores. H\u00e1 um ano as vacinas v\u00eam sendo fabricadas na regi\u00e3o sul do Paran\u00e1 e testadas [&hellip;]<\/p>\n","protected":false},"author":1,"featured_media":0,"comment_status":"open","ping_status":"open","sticky":false,"template":"","format":"standard","meta":{"jnews-multi-image_gallery":[],"jnews_single_post":[],"jnews_primary_category":[],"footnotes":""},"categories":[25],"tags":[],"class_list":["post-955","post","type-post","status-publish","format-standard","hentry","category-midia"],"_links":{"self":[{"href":"https:\/\/gia.org.br\/portal\/wp-json\/wp\/v2\/posts\/955","targetHints":{"allow":["GET"]}}],"collection":[{"href":"https:\/\/gia.org.br\/portal\/wp-json\/wp\/v2\/posts"}],"about":[{"href":"https:\/\/gia.org.br\/portal\/wp-json\/wp\/v2\/types\/post"}],"author":[{"embeddable":true,"href":"https:\/\/gia.org.br\/portal\/wp-json\/wp\/v2\/users\/1"}],"replies":[{"embeddable":true,"href":"https:\/\/gia.org.br\/portal\/wp-json\/wp\/v2\/comments?post=955"}],"version-history":[{"count":0,"href":"https:\/\/gia.org.br\/portal\/wp-json\/wp\/v2\/posts\/955\/revisions"}],"wp:attachment":[{"href":"https:\/\/gia.org.br\/portal\/wp-json\/wp\/v2\/media?parent=955"}],"wp:term":[{"taxonomy":"category","embeddable":true,"href":"https:\/\/gia.org.br\/portal\/wp-json\/wp\/v2\/categories?post=955"},{"taxonomy":"post_tag","embeddable":true,"href":"https:\/\/gia.org.br\/portal\/wp-json\/wp\/v2\/tags?post=955"}],"curies":[{"name":"wp","href":"https:\/\/api.w.org\/{rel}","templated":true}]}}