{"id":913,"date":"2013-08-02T17:51:42","date_gmt":"2013-08-02T20:51:42","guid":{"rendered":"https:\/\/gia.org.br\/portal\/conflitosparana\/"},"modified":"2013-08-02T17:51:42","modified_gmt":"2013-08-02T20:51:42","slug":"conflitosparana","status":"publish","type":"post","link":"https:\/\/gia.org.br\/portal\/conflitosparana\/","title":{"rendered":"Conflitos"},"content":{"rendered":"<p style=\"margin: 9pt 0cm 0.0001pt; text-align: justify; line-height: 14.25pt;\"><span style=\"font-family: Verdana, sans-serif; font-size: 10pt; line-height: 14.25pt;\">Em paralelo aos estudos para identifica\u00e7\u00e3o de \u00e1reas para implanta\u00e7\u00e3o de sistemas espec\u00edficos de cultivo direcionados a cada uma das seis esp\u00e9cies consideradas &#8220;emergentes&#8221;, realizou-se o estudo de fatores que podem influenciar diretamente no processo de viabiliza\u00e7\u00e3o de parques aqu\u00edcolas demarcados e instalados: a identifica\u00e7\u00e3o e o mapeamento das \u00e1reas de potenciais conflitos com outros usu\u00e1rios ou atividades, bem como a identifica\u00e7\u00e3o de pontos mais significativos de polui\u00e7\u00e3o ou de risco de polui\u00e7\u00e3o ambiental.<\/span><\/p>\n<p style=\"margin: 9pt 0cm 0.0001pt; text-align: justify; line-height: 14.25pt;\"><span style=\"font-size: 10pt; font-family: Verdana, sans-serif;\">Como \u00e1reas de conflitos foram consideradas aquelas para as quais n\u00e3o h\u00e1 impedimento de ordem legal \u00e0 implanta\u00e7\u00e3o de parques aqu\u00edcolas, mas que podem implicar&nbsp; em conflitos de prop\u00f3sitos (declarados ou t\u00e1citos) com outros usu\u00e1rios dos ecossistemas aqu\u00e1ticos ou com atividades que, ainda que realizadas em terra, possam comprometer a viabilidade dos empreendimentos aqu\u00edcolas que vierem a ser instalados.&nbsp; <\/span><\/p>\n<p style=\"margin: 9pt 0cm 0.0001pt; text-align: justify; line-height: 14.25pt;\"><span style=\"font-size: 10pt; font-family: Verdana, sans-serif;\">Ao contr\u00e1rio das \u00e1reas de exclus\u00e3o, \u00e1reas de conflito n\u00e3o s\u00e3o impeditivas \u00e0 demarca\u00e7\u00e3o e \u00e0 ocupa\u00e7\u00e3o dos&nbsp; parques aqu\u00edcolas. Entretanto, esse processo pode implicar na necessidade de discuss\u00f5es, negocia\u00e7\u00f5es e media\u00e7\u00f5es de eventuais conflitos com os demais usu\u00e1rios dos ambientes e dos recursos aqu\u00e1ticos.<\/span><\/p>\n<p style=\"margin: 9pt 0cm 0.0001pt; text-align: justify; line-height: 14.25pt;\"><span style=\"font-size: 10pt; font-family: Verdana, sans-serif;\">Exemplos de conflitos potenciais avaliados: \u00e1reas onde j\u00e1 h\u00e1 projetos de aquicultura legalmente instalados;<\/span> <span style=\"font-size: 10pt; font-family: Verdana, sans-serif;\">a exist\u00eancia de pontos de lan\u00e7amento de efluentes; locais onde h\u00e1 riscos de acidente ou de contamina\u00e7\u00e3o ambiental (por exemplo, postos de gasolina, cemit\u00e9rios, atividades agropecu\u00e1rias); pontos onde existam recifes artificiais licenciados e instalados; unidades de conserva\u00e7\u00e3o (com ou sem plano de manejo aprovado); zonas de pr\u00e1tica regular de esportes n\u00e1uticos; \u00e1reas de pesca; \u00e1reas ind\u00edgenas (demarcadas ou n\u00e3o); assentamentos rurais.<\/span><\/p>\n<p style=\"margin: 9pt 0cm 0.0001pt; line-height: 14.25pt;\"><a href=\"https:\/\/gia.org.br\/portal\/wp-content\/uploads\/2013\/08\/Conflitos-uso.pdf\" target=\"_blank\"><span style=\"font-size: 10pt; font-family: Verdana, sans-serif;\"><img fetchpriority=\"high\" decoding=\"async\" style=\"display: block; margin-left: auto; margin-right: auto;\" src=\"images\/areas_de_outros_usos.JPG\" alt=\"areas de outros usos\" width=\"738\" height=\"1000\" \/><\/span><\/a><\/p>\n<p style=\"margin: 9pt 0cm 0.0001pt; line-height: 14.25pt;\"><img decoding=\"async\" class=\" size-full wp-image-909\" style=\"display: block; margin-left: auto; margin-right: auto;\" src=\"https:\/\/gia.org.br\/portal\/wp-content\/uploads\/2013\/08\/legenda_usos.jpg\" alt=\"legenda usos\" width=\"508\" height=\"300\" srcset=\"https:\/\/gia.org.br\/portal\/wp-content\/uploads\/2013\/08\/legenda_usos.jpg 649w, https:\/\/gia.org.br\/portal\/wp-content\/uploads\/2013\/08\/legenda_usos-300x177.jpg 300w, https:\/\/gia.org.br\/portal\/wp-content\/uploads\/2013\/08\/legenda_usos-440x260.jpg 440w, https:\/\/gia.org.br\/portal\/wp-content\/uploads\/2013\/08\/legenda_usos-627x370.jpg 627w\" sizes=\"(max-width: 508px) 100vw, 508px\" \/><\/p>\n<p style=\"margin: 9pt 0cm 0.0001pt; line-height: 14.25pt;\"><a href=\"https:\/\/gia.org.br\/portal\/wp-content\/uploads\/2013\/08\/Areas-de-Potenciais-Conflitos-Parana.pdf\" target=\"_blank\"><span style=\"font-size: 10pt; font-family: Verdana, sans-serif;\"><img decoding=\"async\" class=\" size-full wp-image-911\" style=\"display: block; margin-left: auto; margin-right: auto;\" src=\"https:\/\/gia.org.br\/portal\/wp-content\/uploads\/2013\/08\/conflitos.JPG\" alt=\"conflitos\" width=\"739\" height=\"950\" srcset=\"https:\/\/gia.org.br\/portal\/wp-content\/uploads\/2013\/08\/conflitos.JPG 955w, https:\/\/gia.org.br\/portal\/wp-content\/uploads\/2013\/08\/conflitos-750x964.jpg 750w, https:\/\/gia.org.br\/portal\/wp-content\/uploads\/2013\/08\/conflitos-233x300.jpg 233w, https:\/\/gia.org.br\/portal\/wp-content\/uploads\/2013\/08\/conflitos-768x988.jpg 768w, https:\/\/gia.org.br\/portal\/wp-content\/uploads\/2013\/08\/conflitos-796x1024.jpg 796w, https:\/\/gia.org.br\/portal\/wp-content\/uploads\/2013\/08\/conflitos-440x566.jpg 440w, https:\/\/gia.org.br\/portal\/wp-content\/uploads\/2013\/08\/conflitos-627x806.jpg 627w\" sizes=\"(max-width: 739px) 100vw, 739px\" \/><\/span><\/a><\/p>\n<p style=\"margin: 9pt 0cm 0.0001pt; line-height: 14.25pt;\"><img loading=\"lazy\" decoding=\"async\" class=\" size-full wp-image-912\" style=\"display: block; margin-left: auto; margin-right: auto;\" src=\"https:\/\/gia.org.br\/portal\/wp-content\/uploads\/2013\/08\/legendaconflitos.JPG\" alt=\"legendaconflitos\" width=\"697\" height=\"300\" srcset=\"https:\/\/gia.org.br\/portal\/wp-content\/uploads\/2013\/08\/legendaconflitos.JPG 885w, https:\/\/gia.org.br\/portal\/wp-content\/uploads\/2013\/08\/legendaconflitos-750x323.jpg 750w, https:\/\/gia.org.br\/portal\/wp-content\/uploads\/2013\/08\/legendaconflitos-300x129.jpg 300w, https:\/\/gia.org.br\/portal\/wp-content\/uploads\/2013\/08\/legendaconflitos-768x331.jpg 768w, https:\/\/gia.org.br\/portal\/wp-content\/uploads\/2013\/08\/legendaconflitos-440x189.jpg 440w, https:\/\/gia.org.br\/portal\/wp-content\/uploads\/2013\/08\/legendaconflitos-627x270.jpg 627w\" sizes=\"(max-width: 697px) 100vw, 697px\" \/><\/p>\n","protected":false},"excerpt":{"rendered":"<p>Em paralelo aos estudos para identifica\u00e7\u00e3o de \u00e1reas para implanta\u00e7\u00e3o de sistemas espec\u00edficos de cultivo direcionados a cada uma das seis esp\u00e9cies consideradas &#8220;emergentes&#8221;, realizou-se o estudo de fatores que podem influenciar diretamente no processo de viabiliza\u00e7\u00e3o de parques aqu\u00edcolas demarcados e instalados: a identifica\u00e7\u00e3o e o mapeamento das \u00e1reas de potenciais conflitos com outros [&hellip;]<\/p>\n","protected":false},"author":1,"featured_media":0,"comment_status":"open","ping_status":"open","sticky":false,"template":"","format":"standard","meta":{"jnews-multi-image_gallery":[],"jnews_single_post":[],"jnews_primary_category":[],"footnotes":""},"categories":[25],"tags":[],"class_list":["post-913","post","type-post","status-publish","format-standard","hentry","category-midia"],"_links":{"self":[{"href":"https:\/\/gia.org.br\/portal\/wp-json\/wp\/v2\/posts\/913","targetHints":{"allow":["GET"]}}],"collection":[{"href":"https:\/\/gia.org.br\/portal\/wp-json\/wp\/v2\/posts"}],"about":[{"href":"https:\/\/gia.org.br\/portal\/wp-json\/wp\/v2\/types\/post"}],"author":[{"embeddable":true,"href":"https:\/\/gia.org.br\/portal\/wp-json\/wp\/v2\/users\/1"}],"replies":[{"embeddable":true,"href":"https:\/\/gia.org.br\/portal\/wp-json\/wp\/v2\/comments?post=913"}],"version-history":[{"count":0,"href":"https:\/\/gia.org.br\/portal\/wp-json\/wp\/v2\/posts\/913\/revisions"}],"wp:attachment":[{"href":"https:\/\/gia.org.br\/portal\/wp-json\/wp\/v2\/media?parent=913"}],"wp:term":[{"taxonomy":"category","embeddable":true,"href":"https:\/\/gia.org.br\/portal\/wp-json\/wp\/v2\/categories?post=913"},{"taxonomy":"post_tag","embeddable":true,"href":"https:\/\/gia.org.br\/portal\/wp-json\/wp\/v2\/tags?post=913"}],"curies":[{"name":"wp","href":"https:\/\/api.w.org\/{rel}","templated":true}]}}