{"id":894,"date":"2013-07-24T15:48:15","date_gmt":"2013-07-24T18:48:15","guid":{"rendered":"https:\/\/gia.org.br\/portal\/ostra-do-pacifico\/"},"modified":"2013-07-24T15:48:15","modified_gmt":"2013-07-24T18:48:15","slug":"ostra-do-pacifico","status":"publish","type":"post","link":"https:\/\/gia.org.br\/portal\/ostra-do-pacifico\/","title":{"rendered":"Ostra-do-pac\u00edfico"},"content":{"rendered":"<p style=\"margin: 9pt 0cm 0.0001pt; text-align: justify; line-height: 14.25pt;\"><strong><span style=\"font-size: 12pt; font-family: Verdana, sans-serif; color: #597382;\">Ostra-do-pac\u00edfico (<i>Crassostrea gigas<\/i>)<\/span><\/strong><\/p>\n<p style=\"margin: 9pt 0cm 0.0001pt; text-align: justify; line-height: 14.25pt;\"><span style=\"font-size: 10pt; font-family: Verdana, sans-serif;\">Segundo Poli (2004), desde a d\u00e9cada de 1934 aventava-se a possibilidade de introdu\u00e7\u00e3o da ostra japonesa, tamb\u00e9m conhecida como ostra-do-Pac\u00edfico, <i>Crassostrea gigas<\/i> (Thumberg, 1975) para servir de base para o desenvolvimento da ostreicultura nacional. No entanto, essa introdu\u00e7\u00e3o s\u00f3 viria a acontecer efetivamente em 1974, atrav\u00e9s da importa\u00e7\u00e3o de sementes da Gr\u00e3-Bretanha, realizadas pelo Instituto de Pesquisas da Marinha, em Cabo Frio. <\/span><\/p>\n<p style=\"margin: 9pt 0cm 0.0001pt; text-align: justify; line-height: 14.25pt;\"><span style=\"font-size: 10pt; font-family: Verdana, sans-serif;\">A escolha dessa esp\u00e9cie se deu em fun\u00e7\u00e3o de seu melhor desempenho zoot\u00e9cnico, com especial destaque para as taxas de crescimento que costuma apresentar em condi\u00e7\u00f5es de cultivo (Silva &amp; Silva, 2007).<\/span><\/p>\n<p style=\"margin: 9pt 0cm 0.0001pt; text-align: justify; line-height: 14.25pt;\"><span style=\"font-family: Verdana, sans-serif; font-size: 10pt; line-height: 14.25pt;\">O progresso das pesquisas na \u00e1rea de ostreicultura no Brasil essa a principal esp\u00e9cie cultivada entre os estados de Santa Catarina (principal produtor) e S\u00e3o Paulo. No Paran\u00e1 foram realizados cultivos e pesquisas (Adami, 2001) na \u00faltima d\u00e9cada, a partir de sementes adquiridas em Santa Catarina. No entanto, essa nunca foi uma atividade formal e atualmente os cultivos de <\/span><i style=\"font-family: Verdana, sans-serif; font-size: 10pt; line-height: 14.25pt;\">C. gigas<\/i><span style=\"font-family: Verdana, sans-serif; font-size: 10pt; line-height: 14.25pt;\"> est\u00e3o sendo desestimulados e substitu\u00eddos pelo cultivo de <\/span><i style=\"font-family: Verdana, sans-serif; font-size: 10pt; line-height: 14.25pt;\">C. brasiliana<\/i><span style=\"font-family: Verdana, sans-serif; font-size: 10pt; line-height: 14.25pt;\">. Nos demais estados litor\u00e2neos, especialmente na regi\u00e3o Nordeste, onde a temperatura da \u00e1gua \u00e9 muito alta para o cultivo de C. gigas, o cultivo da esp\u00e9cie \u00e9 bastante raro.<\/span><\/p>\n<p style=\"margin: 9pt 0cm 0.0001pt; text-align: justify; line-height: 14.25pt;\"><span style=\"background-color: #eaeaea; color: #000000; font-family: monospace; font-size: 12.222222328186035px; line-height: 14.25pt;\">[widgetkit id=46]<\/span><\/p>\n<p style=\"text-align: justify;\"><span style=\"font-size: 8pt; line-height: 115%; font-family: Verdana, sans-serif;\">&nbsp;<\/span><\/p>\n<p style=\"text-align: justify;\"><span style=\"font-family: Verdana, sans-serif; font-size: 8pt; line-height: 115%;\">Adami, R. L. 2001. Entrevista com Javier Ganoza Macchiavello do CPPOM\/PUCPR. Dispon\u00edvel em: http:\/\/www.guaratubaonline.com.br\/index.php?pag=noticia&amp;cod_n=19. Acessado em 30\/03\/2010.<\/span><\/p>\n<p style=\"text-align: justify;\"><span style=\"font-family: Verdana, sans-serif; font-size: 8pt; line-height: 115%;\">Poli, C. R. 2004. Cultivo de ostras do Pac\u00edfico (<\/span><i style=\"font-family: Verdana, sans-serif; font-size: 8pt; line-height: 115%;\">Crassostrea gigas<\/i><span style=\"font-family: Verdana, sans-serif; font-size: 8pt; line-height: 115%;\">, 1852). Eds. C. R. Poli, A. T. Poli, E. R. Andreatta, &amp; E. Beltrame. Florian\u00f3polis, SC: Aquicultura: experi\u00eancias brasileiras. pp. 251-266.<\/span><\/p>\n<p style=\"text-align: justify;\"><span style=\"font-family: Verdana, sans-serif; font-size: 8pt; line-height: 115%;\">Silva, C.C. &amp; Silva J.C. 2007. Cultivo de ostras. Dossi\u00ea t\u00e9cnico. Servi\u00e7o brasileiro de respostas t\u00e9cnicas. REDETEC Rede de Tecnologia do Rio de Janeiro. 20 p.<\/span><\/p>\n","protected":false},"excerpt":{"rendered":"<p>Ostra-do-pac\u00edfico (Crassostrea gigas) Segundo Poli (2004), desde a d\u00e9cada de 1934 aventava-se a possibilidade de introdu\u00e7\u00e3o da ostra japonesa, tamb\u00e9m conhecida como ostra-do-Pac\u00edfico, Crassostrea gigas (Thumberg, 1975) para servir de base para o desenvolvimento da ostreicultura nacional. No entanto, essa introdu\u00e7\u00e3o s\u00f3 viria a acontecer efetivamente em 1974, atrav\u00e9s da importa\u00e7\u00e3o de sementes da Gr\u00e3-Bretanha, [&hellip;]<\/p>\n","protected":false},"author":1,"featured_media":0,"comment_status":"open","ping_status":"open","sticky":false,"template":"","format":"standard","meta":{"jnews-multi-image_gallery":[],"jnews_single_post":[],"jnews_primary_category":[],"footnotes":""},"categories":[26],"tags":[],"class_list":["post-894","post","type-post","status-publish","format-standard","hentry","category-publicacoes"],"_links":{"self":[{"href":"https:\/\/gia.org.br\/portal\/wp-json\/wp\/v2\/posts\/894","targetHints":{"allow":["GET"]}}],"collection":[{"href":"https:\/\/gia.org.br\/portal\/wp-json\/wp\/v2\/posts"}],"about":[{"href":"https:\/\/gia.org.br\/portal\/wp-json\/wp\/v2\/types\/post"}],"author":[{"embeddable":true,"href":"https:\/\/gia.org.br\/portal\/wp-json\/wp\/v2\/users\/1"}],"replies":[{"embeddable":true,"href":"https:\/\/gia.org.br\/portal\/wp-json\/wp\/v2\/comments?post=894"}],"version-history":[{"count":0,"href":"https:\/\/gia.org.br\/portal\/wp-json\/wp\/v2\/posts\/894\/revisions"}],"wp:attachment":[{"href":"https:\/\/gia.org.br\/portal\/wp-json\/wp\/v2\/media?parent=894"}],"wp:term":[{"taxonomy":"category","embeddable":true,"href":"https:\/\/gia.org.br\/portal\/wp-json\/wp\/v2\/categories?post=894"},{"taxonomy":"post_tag","embeddable":true,"href":"https:\/\/gia.org.br\/portal\/wp-json\/wp\/v2\/tags?post=894"}],"curies":[{"name":"wp","href":"https:\/\/api.w.org\/{rel}","templated":true}]}}