{"id":891,"date":"2013-07-22T19:18:14","date_gmt":"2013-07-22T22:18:14","guid":{"rendered":"https:\/\/gia.org.br\/portal\/especies-potenciais\/"},"modified":"2013-07-22T19:18:14","modified_gmt":"2013-07-22T22:18:14","slug":"especies-potenciais","status":"publish","type":"post","link":"https:\/\/gia.org.br\/portal\/especies-potenciais\/","title":{"rendered":"Esp\u00e9cies potenciais"},"content":{"rendered":"<p style=\"margin: 9pt 0cm 0.0001pt; text-align: justify; line-height: 14.25pt;\"><span style=\"font-size: 10pt; font-family: Verdana, sans-serif;\">As esp\u00e9cies aqu\u00e1ticas aqui listadas s\u00e3o potencialmente aptas ao cultivo comercial, mas apresentam um ou mais entraves que n\u00e3o recomendam a demarca\u00e7\u00e3o de \u00e1reas espec\u00edficas para seu cultivo em larga escala. Pelo menos n\u00e3o neste momento em que o que se objetiva \u00e9 a implanta\u00e7\u00e3o imediata dos parques aqu\u00edcolas e a produ\u00e7\u00e3o em larga escala de organismos marinhos. No entanto, isso n\u00e3o significa que n\u00e3o possa haver a solicita\u00e7\u00e3o de \u00e1reas aqu\u00edcolas individuais para cultivo das mesmas, mas sim que os riscos envolvidos na viabiliza\u00e7\u00e3o dos empreendimentos aqu\u00edcolas s\u00e3o proporcionalmente maiores que os envolvidos em empreendimentos daquelas esp\u00e9cies consideradas &#8220;emergentes&#8221;.<\/span><\/p>\n<p style=\"margin: 9pt 0cm 0.0001pt; text-align: justify; line-height: 14.25pt;\"><strong style=\"line-height: 14.25pt; font-size: 11px;\"><span style=\"font-size: 12pt; font-family: Verdana, sans-serif; color: #597382;\">Peixes<\/span><\/strong><\/p>\n<p style=\"margin: 9pt 0cm 0.0001pt; text-align: justify; line-height: 14.25pt;\">&nbsp;<span style=\"font-size: 10pt; font-family: Wingdings; color: black;\">\u00fc<span style=\"font-size: 7pt; line-height: normal; font-family: 'Times New Roman';\">&nbsp; <\/span><\/span><span style=\"font-size: 10pt; font-family: Verdana, sans-serif; color: black;\">Sargo (<i>Archosargus probatocephalus<\/i>)<\/span><\/p>\n<p style=\"margin: 9pt 0cm 0.0001pt; text-align: justify; line-height: 14.25pt;\">&nbsp;<span style=\"font-size: 10pt; font-family: Wingdings; color: black;\">\u00fc<span style=\"font-size: 7pt; line-height: normal; font-family: 'Times New Roman';\">&nbsp; <\/span><\/span><span style=\"font-size: 10pt; font-family: Verdana, sans-serif; color: black;\">Robalo-peva (<i>Centropomus parallelus<\/i>)<\/span><\/p>\n<p style=\"margin: 9pt 0cm 0.0001pt; text-align: justify; line-height: 14.25pt;\">&nbsp;<span style=\"font-size: 10pt; font-family: Wingdings; color: black;\">\u00fc<span style=\"font-size: 7pt; line-height: normal; font-family: 'Times New Roman';\">&nbsp; <\/span><\/span><span style=\"font-size: 10pt; font-family: Verdana, sans-serif; color: black;\">Robalo-flecha (<i>Centropomus undecimalis<\/i>)<\/span><\/p>\n<p style=\"margin: 9pt 0cm 0.0001pt; text-align: justify; line-height: 14.25pt;\">&nbsp;<span style=\"font-size: 10pt; font-family: Wingdings; color: black;\">\u00fc<span style=\"font-size: 7pt; line-height: normal; font-family: 'Times New Roman';\">&nbsp; <\/span><\/span><span style=\"font-size: 10pt; font-family: Verdana, sans-serif; color: black;\">Carapeba branca (<i>Diapterus rhombeus<\/i>)<\/span><\/p>\n<p style=\"margin: 9pt 0cm 0.0001pt; text-align: justify; line-height: 14.25pt;\">&nbsp;<span style=\"font-size: 10pt; font-family: Wingdings; color: black;\">\u00fc<span style=\"font-size: 7pt; line-height: normal; font-family: 'Times New Roman';\">&nbsp; <\/span><\/span><span style=\"font-size: 10pt; font-family: Verdana, sans-serif; color: black;\">Cioba (<i>Lutjanus analis<\/i>)<\/span><\/p>\n<p style=\"margin: 9pt 0cm 0.0001pt; text-align: justify; line-height: 14.25pt;\">&nbsp;<span style=\"font-size: 10pt; font-family: Wingdings; color: black;\">\u00fc<span style=\"font-size: 7pt; line-height: normal; font-family: 'Times New Roman';\">&nbsp; <\/span><\/span><span style=\"font-size: 10pt; font-family: Verdana, sans-serif; color: black;\">Linguado-vermelho (<i>Paralichthys orbignyanus<\/i>)<\/span><\/p>\n<p style=\"margin: 9pt 0cm 0.0001pt; text-align: justify; line-height: 14.25pt;\">&nbsp;<span style=\"font-size: 10pt; font-family: Wingdings; color: black;\">\u00fc<span style=\"font-size: 7pt; line-height: normal; font-family: 'Times New Roman';\">&nbsp; <\/span><\/span><span style=\"font-size: 10pt; font-family: Verdana, sans-serif; color: black;\">Pampo (<i>Trachinotus carolinus<\/i>)<\/span><\/p>\n<p style=\"margin: 9pt 0cm 0.0001pt; text-align: justify; line-height: 14.25pt;\">&nbsp;<strong style=\"line-height: 14.25pt; font-size: 11px;\"><span style=\"font-size: 12pt; font-family: Verdana, sans-serif; color: #597382;\">Moluscos<\/span><\/strong><\/p>\n<p style=\"margin: 9pt 0cm 0.0001pt; text-align: justify; line-height: 14.25pt;\">&nbsp;<span style=\"font-size: 10pt; font-family: Wingdings; color: black;\">\u00fc<span style=\"font-size: 7pt; line-height: normal; font-family: 'Times New Roman';\">&nbsp; <\/span><\/span><span style=\"font-size: 10pt; font-family: Verdana, sans-serif; color: black;\">Berbig\u00e3o (<i>Anomalocardia brasiliana<\/i>)<\/span><\/p>\n<p style=\"margin: 9pt 0cm 0.0001pt; text-align: justify; line-height: 14.25pt;\">&nbsp;<span style=\"font-size: 10pt; font-family: Wingdings; color: black;\">\u00fc<span style=\"font-size: 7pt; line-height: normal; font-family: 'Times New Roman';\">&nbsp; <\/span><\/span><span style=\"font-size: 10pt; font-family: Verdana, sans-serif; color: black;\">Ostra-do-mangue (<i>Crassostrea rhizophorae<\/i>)<\/span><\/p>\n<p style=\"margin: 9pt 0cm 0.0001pt; text-align: justify; line-height: 14.25pt;\">&nbsp;<span style=\"font-size: 10pt; font-family: Wingdings; color: black;\">\u00fc<span style=\"font-size: 7pt; line-height: normal; font-family: 'Times New Roman';\">&nbsp; <\/span><\/span><span style=\"font-size: 10pt; font-family: Verdana, sans-serif; color: black;\">Bacucu (<i>Mytella guyanensis<\/i>)<\/span><\/p>\n<p style=\"margin: 9pt 0cm 0.0001pt; text-align: justify; line-height: 14.25pt;\">&nbsp;<strong style=\"line-height: 14.25pt; font-size: 11px;\"><span style=\"font-size: 12pt; font-family: Verdana, sans-serif; color: #597382;\">Crust\u00e1ceos<\/span><\/strong><\/p>\n<p style=\"margin: 9pt 0cm 0.0001pt; text-align: justify; line-height: 14.25pt;\">&nbsp;<span style=\"font-size: 10pt; font-family: Wingdings; color: black;\">\u00fc<span style=\"font-size: 7pt; line-height: normal; font-family: 'Times New Roman';\">&nbsp; <\/span><\/span><span style=\"font-size: 10pt; font-family: Verdana, sans-serif; color: black;\">Camar\u00e3o-rosa (<i>Farfantepenaeus paulensis<\/i>)<\/span><\/p>\n<p style=\"margin: 9pt 0cm 0.0001pt; text-align: justify; line-height: 14.25pt;\">&nbsp;<span style=\"font-size: 10pt; font-family: Wingdings; color: black;\">\u00fc<span style=\"font-size: 7pt; line-height: normal; font-family: 'Times New Roman';\">&nbsp; <\/span><\/span><span style=\"font-size: 10pt; font-family: Verdana, sans-serif; color: black;\">Camar\u00e3o-branco (<i>Litopenaeus schmitti<\/i>)<\/span><\/p>\n<p style=\"margin: 9pt 0cm 0.0001pt; text-align: justify; line-height: 14.25pt;\">&nbsp;<span style=\"font-size: 10pt; font-family: Wingdings; color: black;\">\u00fc<span style=\"font-size: 7pt; line-height: normal; font-family: 'Times New Roman';\">&nbsp; <\/span><\/span><span style=\"font-size: 10pt; font-family: Verdana, sans-serif; color: black;\">Camar\u00e3o-cinza (<i>Litopenaeus vannamei<\/i>)<\/span><\/p>\n<p style=\"margin: 9pt 0cm 0.0001pt; text-align: justify; line-height: 14.25pt;\">&nbsp;<strong style=\"line-height: 14.25pt; font-size: 11px;\"><span style=\"font-size: 12pt; font-family: Verdana, sans-serif; color: #597382;\">Macroalgas<\/span><\/strong><\/p>\n<p style=\"margin: 9pt 0cm 0.0001pt; text-align: justify; line-height: 14.25pt;\">&nbsp;<span style=\"font-size: 10pt; font-family: Wingdings; color: black;\">\u00fc<span style=\"font-size: 7pt; line-height: normal; font-family: 'Times New Roman';\">&nbsp; <\/span><\/span><i style=\"line-height: 14.25pt; text-indent: -18pt; font-size: 11px;\"><span style=\"font-size: 10pt; font-family: Verdana, sans-serif; color: black;\">Eucheuma<\/span><\/i><span style=\"font-size: 10pt; font-family: Verdana, sans-serif; color: black;\"> spp.<\/span><\/p>\n<p style=\"margin: 9pt 0cm 0.0001pt; text-align: justify; line-height: 14.25pt;\">&nbsp;<span style=\"font-size: 10pt; font-family: Wingdings; color: black;\">\u00fc<span style=\"font-size: 7pt; line-height: normal; font-family: 'Times New Roman';\">&nbsp; <\/span><\/span><i style=\"line-height: 14.25pt; text-indent: -18pt; font-size: 11px;\"><span style=\"font-size: 10pt; font-family: Verdana, sans-serif; color: black;\">Hypnea musciformis<\/span><\/i><\/p>\n<p style=\"margin: 9pt 0cm 0.0001pt; text-align: justify; line-height: 14.25pt;\">&nbsp;<span style=\"font-size: 10pt; font-family: Wingdings; color: black;\">\u00fc<span style=\"font-size: 7pt; line-height: normal; font-family: 'Times New Roman';\">&nbsp; <\/span><\/span><i style=\"line-height: 14.25pt; text-indent: -18pt; font-size: 11px;\"><span style=\"font-size: 10pt; font-family: Verdana, sans-serif; color: black;\">Pterocladia capillacea<\/span><\/i><\/p>\n<p style=\"margin: 9pt 0cm 0.0001pt; text-align: justify; line-height: 14.25pt;\">&nbsp;<\/p>\n","protected":false},"excerpt":{"rendered":"<p>As esp\u00e9cies aqu\u00e1ticas aqui listadas s\u00e3o potencialmente aptas ao cultivo comercial, mas apresentam um ou mais entraves que n\u00e3o recomendam a demarca\u00e7\u00e3o de \u00e1reas espec\u00edficas para seu cultivo em larga escala. Pelo menos n\u00e3o neste momento em que o que se objetiva \u00e9 a implanta\u00e7\u00e3o imediata dos parques aqu\u00edcolas e a produ\u00e7\u00e3o em larga escala [&hellip;]<\/p>\n","protected":false},"author":1,"featured_media":0,"comment_status":"open","ping_status":"open","sticky":false,"template":"","format":"standard","meta":{"jnews-multi-image_gallery":[],"jnews_single_post":[],"jnews_primary_category":[],"footnotes":""},"categories":[26],"tags":[],"class_list":["post-891","post","type-post","status-publish","format-standard","hentry","category-publicacoes"],"_links":{"self":[{"href":"https:\/\/gia.org.br\/portal\/wp-json\/wp\/v2\/posts\/891","targetHints":{"allow":["GET"]}}],"collection":[{"href":"https:\/\/gia.org.br\/portal\/wp-json\/wp\/v2\/posts"}],"about":[{"href":"https:\/\/gia.org.br\/portal\/wp-json\/wp\/v2\/types\/post"}],"author":[{"embeddable":true,"href":"https:\/\/gia.org.br\/portal\/wp-json\/wp\/v2\/users\/1"}],"replies":[{"embeddable":true,"href":"https:\/\/gia.org.br\/portal\/wp-json\/wp\/v2\/comments?post=891"}],"version-history":[{"count":0,"href":"https:\/\/gia.org.br\/portal\/wp-json\/wp\/v2\/posts\/891\/revisions"}],"wp:attachment":[{"href":"https:\/\/gia.org.br\/portal\/wp-json\/wp\/v2\/media?parent=891"}],"wp:term":[{"taxonomy":"category","embeddable":true,"href":"https:\/\/gia.org.br\/portal\/wp-json\/wp\/v2\/categories?post=891"},{"taxonomy":"post_tag","embeddable":true,"href":"https:\/\/gia.org.br\/portal\/wp-json\/wp\/v2\/tags?post=891"}],"curies":[{"name":"wp","href":"https:\/\/api.w.org\/{rel}","templated":true}]}}