{"id":868,"date":"2013-07-05T14:44:18","date_gmt":"2013-07-05T17:44:18","guid":{"rendered":"https:\/\/gia.org.br\/portal\/2011-a-integracao-das-aguas-revelando-o-verdadeiro-aquifero-guarani\/"},"modified":"2017-11-30T20:16:05","modified_gmt":"2017-11-30T22:16:05","slug":"2011-a-integracao-das-aguas-revelando-o-verdadeiro-aquifero-guarani","status":"publish","type":"post","link":"https:\/\/gia.org.br\/portal\/2011-a-integracao-das-aguas-revelando-o-verdadeiro-aquifero-guarani\/","title":{"rendered":"2011 &#8211; A integra\u00e7\u00e3o das \u00e1guas: revelando o verdadeiro aqu\u00edfero Guarani."},"content":{"rendered":"<p><a href=\"http:\/\/www.aintegracaodasaguas.com.br\/component\/content\/article\/2-site\/1-inicial\" target=\"_blank\" rel=\"noopener\"><img decoding=\"async\" class=\" alignleft size-full wp-image-867\" style=\"float: left;\" src=\"https:\/\/gia.org.br\/portal\/wp-content\/uploads\/2013\/07\/integracaoguarani.jpg\" alt=\"integracaoguarani\" width=\"176\" height=\"234\" srcset=\"https:\/\/gia.org.br\/portal\/wp-content\/uploads\/2013\/07\/integracaoguarani.jpg 852w, https:\/\/gia.org.br\/portal\/wp-content\/uploads\/2013\/07\/integracaoguarani-750x999.jpg 750w, https:\/\/gia.org.br\/portal\/wp-content\/uploads\/2013\/07\/integracaoguarani-225x300.jpg 225w, https:\/\/gia.org.br\/portal\/wp-content\/uploads\/2013\/07\/integracaoguarani-768x1023.jpg 768w, https:\/\/gia.org.br\/portal\/wp-content\/uploads\/2013\/07\/integracaoguarani-769x1024.jpg 769w, https:\/\/gia.org.br\/portal\/wp-content\/uploads\/2013\/07\/integracaoguarani-440x586.jpg 440w, https:\/\/gia.org.br\/portal\/wp-content\/uploads\/2013\/07\/integracaoguarani-627x835.jpg 627w\" sizes=\"(max-width: 176px) 100vw, 176px\" \/><\/a><strong><span style=\"font-size: 10pt; line-height: 14px; font-family: Verdana, sans-serif;\">Borghetti, N.R.B.; Borghetti, J.R. &amp; Rosa Filho, E. F.<\/span><\/strong><\/p>\n<p style=\"margin-bottom: 0.0001pt; text-align: justify;\"><span style=\"font-size: 10pt; line-height: 115%; font-family: Verdana, sans-serif;\">Os autores deste livro entendem que o maior problema para a preserva\u00e7\u00e3o dos recursos h\u00eddricos nos dias atuais, seja a falta de consci\u00eancia da sociedade com rela\u00e7\u00e3o \u00e0 vulnerabilidade desse recurso, alimentada, seguramente, pelo descaso de muitos governantes com rela\u00e7\u00e3o aos problemas relacionados \u00e0 gest\u00e3o dos recursos h\u00eddricos.<\/span><\/p>\n<p style=\"margin-bottom: 0.0001pt; text-align: justify;\"><span style=\"font-family: Verdana, sans-serif; font-size: 10pt; line-height: 115%;\">Portanto, para que se possa compreender a import\u00e2ncia das \u00e1guas superficiais e subterr\u00e2neas, dados gerais sobre a disponibilidade e o uso da \u00e1gua no mundo; \u00edndices de abastecimento p\u00fablico e saneamento; conceitos b\u00e1sicos, al\u00e9m de um gloss\u00e1rio, objetivam facilitar a compreens\u00e3o desta integra\u00e7\u00e3o dos recursos h\u00eddricos e as consequ\u00eancias do seu uso irracional, para aqueles leitores que n\u00e3o est\u00e3o familiarizados com o tema.<\/span><\/p>\n<p style=\"margin-bottom: 0.0001pt; text-align: justify;\"><span style=\"font-family: Verdana, sans-serif; font-size: 10pt; line-height: 115%;\">\u00a0<\/span><span style=\"font-size: 10pt; line-height: 14px; font-family: Verdana, sans-serif;\">Grupo Integrado de Aquicultura e Estudos Ambientais, Curitiba &#8211; PR, 276 p. 2011.\u00a0<\/span><\/p>\n","protected":false},"excerpt":{"rendered":"<p>Borghetti, N.R.B.; Borghetti, J.R. &amp; Rosa Filho, E. F. Os autores deste livro entendem que o maior problema para a preserva\u00e7\u00e3o dos recursos h\u00eddricos nos dias atuais, seja a falta de consci\u00eancia da sociedade com rela\u00e7\u00e3o \u00e0 vulnerabilidade desse recurso, alimentada, seguramente, pelo descaso de muitos governantes com rela\u00e7\u00e3o aos problemas relacionados \u00e0 gest\u00e3o dos [&hellip;]<\/p>\n","protected":false},"author":1,"featured_media":867,"comment_status":"open","ping_status":"open","sticky":false,"template":"","format":"standard","meta":{"jnews-multi-image_gallery":[],"jnews_single_post":[],"jnews_primary_category":[],"footnotes":""},"categories":[26],"tags":[],"class_list":["post-868","post","type-post","status-publish","format-standard","has-post-thumbnail","hentry","category-publicacoes"],"_links":{"self":[{"href":"https:\/\/gia.org.br\/portal\/wp-json\/wp\/v2\/posts\/868","targetHints":{"allow":["GET"]}}],"collection":[{"href":"https:\/\/gia.org.br\/portal\/wp-json\/wp\/v2\/posts"}],"about":[{"href":"https:\/\/gia.org.br\/portal\/wp-json\/wp\/v2\/types\/post"}],"author":[{"embeddable":true,"href":"https:\/\/gia.org.br\/portal\/wp-json\/wp\/v2\/users\/1"}],"replies":[{"embeddable":true,"href":"https:\/\/gia.org.br\/portal\/wp-json\/wp\/v2\/comments?post=868"}],"version-history":[{"count":0,"href":"https:\/\/gia.org.br\/portal\/wp-json\/wp\/v2\/posts\/868\/revisions"}],"wp:featuredmedia":[{"embeddable":true,"href":"https:\/\/gia.org.br\/portal\/wp-json\/wp\/v2\/media\/867"}],"wp:attachment":[{"href":"https:\/\/gia.org.br\/portal\/wp-json\/wp\/v2\/media?parent=868"}],"wp:term":[{"taxonomy":"category","embeddable":true,"href":"https:\/\/gia.org.br\/portal\/wp-json\/wp\/v2\/categories?post=868"},{"taxonomy":"post_tag","embeddable":true,"href":"https:\/\/gia.org.br\/portal\/wp-json\/wp\/v2\/tags?post=868"}],"curies":[{"name":"wp","href":"https:\/\/api.w.org\/{rel}","templated":true}]}}