{"id":863,"date":"2013-07-03T13:29:38","date_gmt":"2013-07-03T16:29:38","guid":{"rendered":"https:\/\/gia.org.br\/portal\/fazemos\/"},"modified":"2013-07-03T13:29:38","modified_gmt":"2013-07-03T16:29:38","slug":"fazemos","status":"publish","type":"post","link":"https:\/\/gia.org.br\/portal\/fazemos\/","title":{"rendered":"O que fazemos?"},"content":{"rendered":"<p>&nbsp;<\/p>\n<p style=\"margin: 0cm 0cm 0.0001pt; text-align: justify;\"><span style=\"font-size: 10pt; font-family: Verdana, sans-serif;\">Desde a sua cria\u00e7\u00e3o, em 1998, o Grupo Integrado de Aquicultura e Estudos Ambientais (GIA) tem se destacado no Brasil tanto na forma\u00e7\u00e3o e qualifica\u00e7\u00e3o de pesquisadores quanto como um n\u00facleo de excel\u00eancia no desenvolvimento e aplica\u00e7\u00e3o de ferramentas t\u00e9cnico-cient\u00edficas para:<\/span><\/p>\n<p>&nbsp;<\/p>\n<p style=\"text-align: justify;\"><span style=\"font-size: 10pt;\"><span style=\"font-family: Verdana, sans-serif;\">* O estabelecimento de programas de desenvolvimento socioambiental e de resgate cultural;<\/span><\/span><\/p>\n<p style=\"text-align: justify;\"><span style=\"font-size: 10pt;\"><span style=\"font-family: Verdana, sans-serif;\"><\/span><span style=\"font-family: Verdana, sans-serif;\">* A gera\u00e7\u00e3o de renda junto \u00e0s comunidades litor\u00e2neas tradicionais a partir da pesca, da aquicultura, do turismo e do artesanato;<\/span><\/span><\/p>\n<p style=\"text-align: justify;\"><span style=\"font-size: 10pt;\"><span style=\"font-family: Verdana, sans-serif;\"><\/span><span style=\"font-family: Verdana, sans-serif;\">* O planejamento e apoio \u00e0 formula\u00e7\u00e3o de pol\u00edticas p\u00fablicas;<\/span><\/span><\/p>\n<p style=\"text-align: justify;\"><span style=\"font-size: 10pt;\"><span style=\"font-family: Verdana, sans-serif;\">* No zoneamento marinho e continental para a instala\u00e7\u00e3o de empreendimentos aqu\u00edcolas;<\/span><\/span><\/p>\n<p style=\"text-align: justify;\"><span style=\"font-size: 10pt;\"><span style=\"font-family: Verdana, sans-serif;\"><\/span><span style=\"font-family: Verdana, sans-serif;\">* O desenvolvimento de projetos comerciais de aquicultura (produ\u00e7\u00e3o e o cultivo de organismos aqu\u00e1ticos);<\/span><\/span><\/p>\n<p style=\"text-align: justify;\"><span style=\"font-size: 10pt;\"><span style=\"font-family: Verdana, sans-serif;\"><\/span><span style=\"font-family: Verdana, sans-serif;\">* O manejo e o uso sustent\u00e1vel de recursos aqu\u00e1ticos;<\/span><\/span><\/p>\n<p style=\"text-align: justify;\"><span style=\"font-size: 10pt;\"><span style=\"font-family: Verdana, sans-serif;\"><\/span><span style=\"font-family: Verdana, sans-serif;\">* A avalia\u00e7\u00e3o, no monitoramento e na ado\u00e7\u00e3o de medidas de mitiga\u00e7\u00e3o de impactos ambientais;<\/span><\/span><\/p>\n<p style=\"text-align: justify;\"><span style=\"font-size: 10pt;\"><span style=\"font-family: Verdana, sans-serif;\"><\/span><span style=\"font-family: Verdana, sans-serif;\">* A quantifica\u00e7\u00e3o e valora\u00e7\u00e3o de danos ambientais;<\/span><\/span><\/p>\n<p style=\"text-align: justify;\"><span style=\"font-size: 10pt;\"><span style=\"font-family: Verdana, sans-serif;\"><\/span><span style=\"font-family: Verdana, sans-serif;\">* O zoneamento e planejamento de programas de ocupa\u00e7\u00e3o e desenvolvimento territorial;<\/span><\/span><\/p>\n<p style=\"text-align: justify;\"><span style=\"font-size: 10pt;\"><span style=\"font-family: Verdana, sans-serif;\">* A recupera\u00e7\u00e3o de ambientes degradados\/alterados;<\/span><\/span><\/p>\n<p style=\"text-align: justify;\"><span style=\"font-size: 10pt;\"><span style=\"font-family: Verdana, sans-serif;\"><\/span><span style=\"font-family: Verdana, sans-serif;\">* A identifica\u00e7\u00e3o de patologias de organismos aqu\u00e1ticos;<\/span><\/span><\/p>\n<p style=\"text-align: justify;\"><span style=\"font-size: 10pt;\"><span style=\"font-family: Verdana, sans-serif;\"><\/span><span style=\"font-family: Verdana, sans-serif;\">* Monitoramento de esp\u00e9cies ex\u00f3ticas em reservat\u00f3rios e usinas hidrel\u00e9tricas;<\/span><\/span><\/p>\n<p style=\"text-align: justify;\"><span style=\"font-size: 10pt;\"><span style=\"font-family: Verdana, sans-serif;\"><\/span>*<span style=\"font-family: verdana, geneva;\"> O desenvolvimento de ferramentas gen\u00e9ticas de \u00faltima gera\u00e7\u00e3o para avalia\u00e7\u00e3o e resolu\u00e7\u00e3o de problemas ambientais e sanit\u00e1rios<\/span>;<\/span><\/p>\n<p>&nbsp;<\/p>\n<p style=\"margin: 0cm 0cm 0.0001pt; text-align: justify;\"><span style=\"font-size: 10pt; font-family: Verdana, sans-serif;\">O &nbsp;GIA tem desenvolvido trabalhos e projetos de pesquisa nas mais variadas \u00e1reas relacionadas aos ambientes e aos organismos aqu\u00e1ticos, tanto continentais quanto marinhos, como sintetizado na figura abaixo.<\/span><\/p>\n<p>&nbsp;<\/p>\n<p><a href=\"https:\/\/gia.org.br\/portal\/wp-content\/uploads\/2013\/07\/Fluxograma_GIA.jpg\" target=\"_blank\"><span style=\"color: #000000; font-family: monospace; font-size: 12px; background-color: #eaeaea;\"><img fetchpriority=\"high\" decoding=\"async\" class=\" size-full wp-image-861\" src=\"https:\/\/gia.org.br\/portal\/wp-content\/uploads\/2013\/07\/Fluxograma_GIA.jpg\" alt=\"Fluxograma GIA\" width=\"766\" height=\"880\" style=\"display: block; margin-left: auto; margin-right: auto;\" srcset=\"https:\/\/gia.org.br\/portal\/wp-content\/uploads\/2013\/07\/Fluxograma_GIA.jpg 2126w, https:\/\/gia.org.br\/portal\/wp-content\/uploads\/2013\/07\/Fluxograma_GIA-750x862.jpg 750w, https:\/\/gia.org.br\/portal\/wp-content\/uploads\/2013\/07\/Fluxograma_GIA-1140x1310.jpg 1140w, https:\/\/gia.org.br\/portal\/wp-content\/uploads\/2013\/07\/Fluxograma_GIA-261x300.jpg 261w, https:\/\/gia.org.br\/portal\/wp-content\/uploads\/2013\/07\/Fluxograma_GIA-768x883.jpg 768w, https:\/\/gia.org.br\/portal\/wp-content\/uploads\/2013\/07\/Fluxograma_GIA-891x1024.jpg 891w, https:\/\/gia.org.br\/portal\/wp-content\/uploads\/2013\/07\/Fluxograma_GIA-440x506.jpg 440w, https:\/\/gia.org.br\/portal\/wp-content\/uploads\/2013\/07\/Fluxograma_GIA-627x720.jpg 627w\" sizes=\"(max-width: 766px) 100vw, 766px\" \/><\/span><\/a><\/p>\n","protected":false},"excerpt":{"rendered":"<p>&nbsp; Desde a sua cria\u00e7\u00e3o, em 1998, o Grupo Integrado de Aquicultura e Estudos Ambientais (GIA) tem se destacado no Brasil tanto na forma\u00e7\u00e3o e qualifica\u00e7\u00e3o de pesquisadores quanto como um n\u00facleo de excel\u00eancia no desenvolvimento e aplica\u00e7\u00e3o de ferramentas t\u00e9cnico-cient\u00edficas para: &nbsp; * O estabelecimento de programas de desenvolvimento socioambiental e de resgate cultural; [&hellip;]<\/p>\n","protected":false},"author":1,"featured_media":861,"comment_status":"open","ping_status":"open","sticky":false,"template":"","format":"standard","meta":{"jnews-multi-image_gallery":[],"jnews_single_post":[],"jnews_primary_category":[],"footnotes":""},"categories":[24],"tags":[],"class_list":["post-863","post","type-post","status-publish","format-standard","has-post-thumbnail","hentry","category-site"],"_links":{"self":[{"href":"https:\/\/gia.org.br\/portal\/wp-json\/wp\/v2\/posts\/863","targetHints":{"allow":["GET"]}}],"collection":[{"href":"https:\/\/gia.org.br\/portal\/wp-json\/wp\/v2\/posts"}],"about":[{"href":"https:\/\/gia.org.br\/portal\/wp-json\/wp\/v2\/types\/post"}],"author":[{"embeddable":true,"href":"https:\/\/gia.org.br\/portal\/wp-json\/wp\/v2\/users\/1"}],"replies":[{"embeddable":true,"href":"https:\/\/gia.org.br\/portal\/wp-json\/wp\/v2\/comments?post=863"}],"version-history":[{"count":0,"href":"https:\/\/gia.org.br\/portal\/wp-json\/wp\/v2\/posts\/863\/revisions"}],"wp:featuredmedia":[{"embeddable":true,"href":"https:\/\/gia.org.br\/portal\/wp-json\/wp\/v2\/media\/861"}],"wp:attachment":[{"href":"https:\/\/gia.org.br\/portal\/wp-json\/wp\/v2\/media?parent=863"}],"wp:term":[{"taxonomy":"category","embeddable":true,"href":"https:\/\/gia.org.br\/portal\/wp-json\/wp\/v2\/categories?post=863"},{"taxonomy":"post_tag","embeddable":true,"href":"https:\/\/gia.org.br\/portal\/wp-json\/wp\/v2\/tags?post=863"}],"curies":[{"name":"wp","href":"https:\/\/api.w.org\/{rel}","templated":true}]}}