{"id":763,"date":"2013-06-19T10:15:54","date_gmt":"2013-06-19T13:15:54","guid":{"rendered":"https:\/\/gia.org.br\/portal\/visao\/"},"modified":"2013-06-19T10:15:54","modified_gmt":"2013-06-19T13:15:54","slug":"visao","status":"publish","type":"post","link":"https:\/\/gia.org.br\/portal\/visao\/","title":{"rendered":"Miss\u00e3o, Vis\u00e3o e Valores"},"content":{"rendered":"<p>&nbsp;<\/p>\n<p><span style=\"color: #708090; font-family: Verdana, sans-serif; font-size: 14pt;\">MISS\u00c3O<\/span><\/p>\n<p><span style=\"color: #212b31; font-family: verdana, geneva; font-size: 10pt; text-align: justify; background-color: initial;\">A principal miss\u00e3o do GIA \u00e9 assumir um papel direto na intera\u00e7\u00e3o entre setor acad\u00eamico, a iniciativa privada e a sociedade civil em geral, transpondo os muros universit\u00e1rios, aplicando com excel\u00eancia e efici\u00eancia, m\u00e9todos t\u00e9cnico-cient\u00edficos na resolu\u00e7\u00e3o de problemas ambientais, sociais e econ\u00f4micos que dizem respeito aos mais diferentes setores da sociedade brasileira.<\/span><\/p>\n<p style=\"margin: 2.25pt 0cm 0.0001pt; text-align: justify;\"><span style=\"font-size: 10pt; font-family: helvetica;\"><\/span><\/p>\n<p>&nbsp;<\/p>\n<p style=\"margin: 2.25pt 0cm 0.0001pt; text-align: justify;\"><span style=\"color: #708090; font-family: Verdana, sans-serif; font-size: 18.88888931274414px;\">VIS\u00c3O<\/span>&nbsp;<\/p>\n<p style=\"margin: 2.25pt 0cm 0.0001pt; text-align: justify;\"><span style=\"font-size: 10pt; font-family: verdana, geneva; color: #051828;\">O enfrentamento dos grandes desafios ambientais, sociais e econ\u00f4micos da nossa sociedade n\u00e3o pode prescindir da ci\u00eancia, da tecnologia e da inova\u00e7\u00e3o. Pelo contr\u00e1rio, elas devem nortear esse processo. Por isso, o GIA preza pelo rigor cient\u00edfico e pela qualidade t\u00e9cnica em tudo o que faz, buscando n\u00e3o obrigatoriamente os caminhos mais f\u00e1ceis ou curtos, mas os mais seguros e que levem, de fato, aos destinos desejados. Por isso, o GIA trabalha para ser reconhecido como um grupo de refer\u00eancia na cria\u00e7\u00e3o e na dissemina\u00e7\u00e3o do conhecimento cient\u00edfico e tecnol\u00f3gico, promovendo a excel\u00eancia da qualidade na forma\u00e7\u00e3o de capital humano, nas atividades de investiga\u00e7\u00e3o e na valoriza\u00e7\u00e3o social e econ\u00f4mica do conhecimento.<\/span><\/p>\n<p style=\"margin: 2.25pt 0cm 0.0001pt; text-align: justify;\"><span style=\"font-size: 10pt; font-family: arial, helvetica, sans-serif;\"><\/span><\/p>\n<p>&nbsp;<\/p>\n<p style=\"margin: 2.25pt 0cm 0.0001pt; text-align: justify;\"><span style=\"color: #708090; font-family: Verdana, sans-serif; font-size: 18.88888931274414px;\">VALORES<\/span>&nbsp;<\/p>\n<p style=\"margin: 2.25pt 0cm 0.0001pt; text-align: justify;\"><span style=\"color: #051828; font-family: verdana, geneva; font-size: 10pt;\">Trabalhamos com o foco na forma\u00e7\u00e3o profissional e humana qualificada&nbsp;e acreditamos que somente atrav\u00e9s da meritocracia se pode conduzir esse processo;<\/span><\/p>\n<p style=\"text-align: justify;\"><span style=\"font-size: 10pt; font-family: verdana, geneva;\">&nbsp;* &nbsp;Encaramos os desafios ambientais e sociais como objetivos e metas reais, n\u00e3o apenas com a ret\u00f3rica vazia em que vem se transformando o discurso de &#8220;sustentabilidade&#8221;;<\/span><\/p>\n<p style=\"text-align: justify;\"><span style=\"font-family: verdana, geneva; font-size: 10pt;\">* &nbsp;Acreditamos ser poss\u00edvel, atrav\u00e9s da ci\u00eancia e tecnologia, buscar o lucro e promover o desenvolvimento econ\u00f4mico e social em conson\u00e2ncia com o uso cada vez mais racional e equilibrado dos recursos naturais;<\/span><\/p>\n<p style=\"text-align: justify;\"><span style=\"font-family: verdana, geneva; font-size: 10pt;\">* &nbsp;Buscamos a excel\u00eancia em nossas a\u00e7\u00f5es e em nossos resultados, sempre com muito rigor, mas tamb\u00e9m com simplicidade e objetividade.<\/span><\/p>\n<p style=\"margin: 2.25pt 0cm 0.0001pt; text-align: justify;\"><span style=\"font-size: 10pt; font-family: helvetica;\"><strong><span style=\"color: #333399;\"><\/span><\/strong><\/span><\/p>\n","protected":false},"excerpt":{"rendered":"<p>&nbsp; MISS\u00c3O A principal miss\u00e3o do GIA \u00e9 assumir um papel direto na intera\u00e7\u00e3o entre setor acad\u00eamico, a iniciativa privada e a sociedade civil em geral, transpondo os muros universit\u00e1rios, aplicando com excel\u00eancia e efici\u00eancia, m\u00e9todos t\u00e9cnico-cient\u00edficos na resolu\u00e7\u00e3o de problemas ambientais, sociais e econ\u00f4micos que dizem respeito aos mais diferentes setores da sociedade brasileira. [&hellip;]<\/p>\n","protected":false},"author":1,"featured_media":0,"comment_status":"open","ping_status":"open","sticky":false,"template":"","format":"standard","meta":{"jnews-multi-image_gallery":[],"jnews_single_post":[],"jnews_primary_category":[],"footnotes":""},"categories":[24],"tags":[],"class_list":["post-763","post","type-post","status-publish","format-standard","hentry","category-site"],"_links":{"self":[{"href":"https:\/\/gia.org.br\/portal\/wp-json\/wp\/v2\/posts\/763","targetHints":{"allow":["GET"]}}],"collection":[{"href":"https:\/\/gia.org.br\/portal\/wp-json\/wp\/v2\/posts"}],"about":[{"href":"https:\/\/gia.org.br\/portal\/wp-json\/wp\/v2\/types\/post"}],"author":[{"embeddable":true,"href":"https:\/\/gia.org.br\/portal\/wp-json\/wp\/v2\/users\/1"}],"replies":[{"embeddable":true,"href":"https:\/\/gia.org.br\/portal\/wp-json\/wp\/v2\/comments?post=763"}],"version-history":[{"count":0,"href":"https:\/\/gia.org.br\/portal\/wp-json\/wp\/v2\/posts\/763\/revisions"}],"wp:attachment":[{"href":"https:\/\/gia.org.br\/portal\/wp-json\/wp\/v2\/media?parent=763"}],"wp:term":[{"taxonomy":"category","embeddable":true,"href":"https:\/\/gia.org.br\/portal\/wp-json\/wp\/v2\/categories?post=763"},{"taxonomy":"post_tag","embeddable":true,"href":"https:\/\/gia.org.br\/portal\/wp-json\/wp\/v2\/tags?post=763"}],"curies":[{"name":"wp","href":"https:\/\/api.w.org\/{rel}","templated":true}]}}