{"id":612,"date":"2013-05-16T21:07:19","date_gmt":"2013-05-17T00:07:19","guid":{"rendered":"https:\/\/gia.org.br\/portal\/2002-camaroes-marinhos-volume-ii\/"},"modified":"2019-07-22T12:46:18","modified_gmt":"2019-07-22T15:46:18","slug":"2002-camaroes-marinhos-volume-ii","status":"publish","type":"post","link":"https:\/\/gia.org.br\/portal\/2002-camaroes-marinhos-volume-ii\/","title":{"rendered":"2002 &#8211; Camar\u00f5es Marinhos. Vol. II &#8211; Engorda."},"content":{"rendered":"<p><a href=\"http:\/\/www.editoraufv.com.br\/produto\/1593943\/camaroes-marinhos-engorda-volume-ii\" target=\"_blank\" rel=\"noopener noreferrer\"><img decoding=\"async\" class=\" alignleft size-full wp-image-611\" style=\"float: left;\" src=\"https:\/\/gia.org.br\/portal\/wp-content\/uploads\/2013\/05\/camaroes_marinhos_II.jpg\" alt=\"camaroes marinhos II\" width=\"176\" height=\"251\" srcset=\"https:\/\/gia.org.br\/portal\/wp-content\/uploads\/2013\/05\/camaroes_marinhos_II.jpg 280w, https:\/\/gia.org.br\/portal\/wp-content\/uploads\/2013\/05\/camaroes_marinhos_II-210x300.jpg 210w\" sizes=\"(max-width: 176px) 100vw, 176px\" \/><\/a><\/p>\n<p><strong><span style=\"font-size: 10pt; line-height: 14px; font-family: Verdana, sans-serif;\">Barbieri, R.C. &amp; Ostrensky, A.<\/span><\/strong><\/p>\n<p><span style=\"font-family: Verdana, sans-serif; font-size: 10pt; line-height: 14px; text-align: justify;\">Este livro apresenta conceitos, orienta\u00e7\u00f5es e dicas sobre todo o processo de engorda de camar\u00f5es marinhos, desde a fase de prepara\u00e7\u00e3o dos viveiros, passando pela aquisi\u00e7\u00e3o de larvas, pelas diferentes etapas do cultivo e pelos cuidados que devem ser tomados na despesca dos viveiros e na conserva\u00e7\u00e3o dos camar\u00f5es, antes da sua chegada ao mercado consumidor. Al\u00e9m disso, o livro discute tamb\u00e9m temas como: mercado e pre\u00e7os internacionais de camar\u00e3o, ecologia de viveiros, carcinicultura e meio ambiente, enfermidades e biosseguran\u00e7a.<\/span><\/p>\n<p><span style=\"font-size: 10pt; line-height: 14px; font-family: Verdana, sans-serif;\">Aprenda F\u00e1cil Editora. Vi\u00e7osa, MG, Brasil. 351 p. 2001.<\/span><\/p>\n<p>&nbsp;<\/p>\n","protected":false},"excerpt":{"rendered":"<p>Barbieri, R.C. &amp; Ostrensky, A. Este livro apresenta conceitos, orienta\u00e7\u00f5es e dicas sobre todo o processo de engorda de camar\u00f5es marinhos, desde a fase de prepara\u00e7\u00e3o dos viveiros, passando pela aquisi\u00e7\u00e3o de larvas, pelas diferentes etapas do cultivo e pelos cuidados que devem ser tomados na despesca dos viveiros e na conserva\u00e7\u00e3o dos camar\u00f5es, antes [&hellip;]<\/p>\n","protected":false},"author":1,"featured_media":611,"comment_status":"open","ping_status":"open","sticky":false,"template":"","format":"standard","meta":{"jnews-multi-image_gallery":[],"jnews_single_post":[],"jnews_primary_category":[],"footnotes":""},"categories":[40,26],"tags":[],"class_list":["post-612","post","type-post","status-publish","format-standard","has-post-thumbnail","hentry","category-infraestrutura","category-publicacoes"],"_links":{"self":[{"href":"https:\/\/gia.org.br\/portal\/wp-json\/wp\/v2\/posts\/612","targetHints":{"allow":["GET"]}}],"collection":[{"href":"https:\/\/gia.org.br\/portal\/wp-json\/wp\/v2\/posts"}],"about":[{"href":"https:\/\/gia.org.br\/portal\/wp-json\/wp\/v2\/types\/post"}],"author":[{"embeddable":true,"href":"https:\/\/gia.org.br\/portal\/wp-json\/wp\/v2\/users\/1"}],"replies":[{"embeddable":true,"href":"https:\/\/gia.org.br\/portal\/wp-json\/wp\/v2\/comments?post=612"}],"version-history":[{"count":0,"href":"https:\/\/gia.org.br\/portal\/wp-json\/wp\/v2\/posts\/612\/revisions"}],"wp:featuredmedia":[{"embeddable":true,"href":"https:\/\/gia.org.br\/portal\/wp-json\/wp\/v2\/media\/611"}],"wp:attachment":[{"href":"https:\/\/gia.org.br\/portal\/wp-json\/wp\/v2\/media?parent=612"}],"wp:term":[{"taxonomy":"category","embeddable":true,"href":"https:\/\/gia.org.br\/portal\/wp-json\/wp\/v2\/categories?post=612"},{"taxonomy":"post_tag","embeddable":true,"href":"https:\/\/gia.org.br\/portal\/wp-json\/wp\/v2\/tags?post=612"}],"curies":[{"name":"wp","href":"https:\/\/api.w.org\/{rel}","templated":true}]}}