{"id":1560,"date":"2016-11-28T19:35:00","date_gmt":"2016-11-28T21:35:00","guid":{"rendered":"https:\/\/gia.org.br\/portal\/processo-seletivo-para-o-mestrado-e-doutorado-2\/"},"modified":"2021-04-20T12:24:08","modified_gmt":"2021-04-20T15:24:08","slug":"processo-seletivo-para-o-mestrado-e-doutorado-2","status":"publish","type":"post","link":"https:\/\/gia.org.br\/portal\/processo-seletivo-para-o-mestrado-e-doutorado-2\/","title":{"rendered":"Processo seletivo para o mestrado e doutorado"},"content":{"rendered":"<p style=\"text-align: center;\">&nbsp;<span style=\"font-size: 13pt;\"><strong>MESTRADO E DOUTORADO<\/strong><\/span><\/p>\n<p style=\"text-align: center;\"><span style=\"font-size: 13pt;\">(PROGRAMA DE P\u00d3S-GRADUA\u00c7\u00c3O EM ZOOTECNIA -UFPR)<\/span><\/p>\n<p style=\"text-align: justify;\"><span style=\"font-size: 13pt;\"><\/span><\/p>\n<p style=\"margin-bottom: 0.0001pt; text-align: center;\"><strong><span style=\"font-size: 12pt; line-height: 107%;\">Resultado do processo seletivo para o Programa de P\u00f3s-Gradua\u00e7\u00e3o em Zootecnia-UFPR 2017<\/span><\/strong><\/p>\n<p style=\"text-align: justify; text-indent: 70.9pt;\"><span style=\"font-size: 12pt;\">&nbsp; &nbsp; &nbsp; &nbsp; &nbsp; &nbsp; &nbsp; &nbsp; &nbsp; &nbsp; &nbsp; &nbsp; &nbsp; &nbsp; &nbsp; &nbsp; &nbsp; &nbsp; &nbsp; &nbsp; &nbsp; &nbsp; &nbsp; &nbsp; &nbsp; &nbsp; &nbsp; &nbsp; &nbsp; &nbsp; &nbsp; &nbsp; &nbsp; &nbsp; &nbsp; &nbsp; &nbsp; &nbsp;Orientador: Antonio Ostrensky<\/span><\/p>\n<div style=\"text-align: center;\">\n<table style=\"border-collapse: collapse; border: 1px none; height: 159px; width: 556px;\" cellspacing=\"0\" cellpadding=\"0\" align=\"center\">\n<tbody>\n<tr>\n<td style=\"width: 184.35pt; border: 1pt solid windowtext; background: #002060; padding: 0cm 5.4pt;\" width=\"246\"><span style=\"color: #ffffff;\"><strong>Doutorado<\/strong><\/span><\/td>\n<td style=\"width: 141.55pt; border-top: 1pt solid windowtext; border-right: 1pt solid windowtext; border-bottom: 1pt solid windowtext; border-left: none; background: #002060; padding: 0cm 5.4pt;\" width=\"189\"><span style=\"color: #ffffff;\"><strong>Resultado Final<\/strong><\/span><\/td>\n<\/tr>\n<tr>\n<td style=\"width: 184.35pt; border-right: 1pt solid windowtext; border-bottom: 1pt solid windowtext; border-left: 1pt solid windowtext; border-top: none; padding: 0cm 5.4pt;\" width=\"246\">Jana\u00edna de Paula de Oliveira<\/td>\n<td style=\"width: 141.55pt; border-top: none; border-left: none; border-bottom: 1pt solid windowtext; border-right: 1pt solid windowtext; padding: 0cm 5.4pt;\" width=\"189\">N\u00e3o classificada<\/td>\n<\/tr>\n<tr>\n<td style=\"width: 184.35pt; border-right: 1pt solid windowtext; border-bottom: 1pt solid windowtext; border-left: 1pt solid windowtext; border-top: none; padding: 0cm 5.4pt;\" width=\"246\">Leandro P\u00eagas de Brito Maurente<\/td>\n<td style=\"width: 141.55pt; border-top: none; border-left: none; border-bottom: 1pt solid windowtext; border-right: 1pt solid windowtext; padding: 0cm 5.4pt;\" width=\"189\">N\u00e3o classificado<\/td>\n<\/tr>\n<tr>\n<td style=\"width: 184.35pt; border-right: 1pt solid windowtext; border-bottom: 1pt solid windowtext; border-left: 1pt solid windowtext; border-top: none; background: #002060; padding: 0cm 5.4pt;\" width=\"246\"><span style=\"color: #ffffff;\"><strong>Mestrado<\/strong><\/span><\/td>\n<td style=\"width: 141.55pt; border-top: none; border-left: none; border-bottom: 1pt solid windowtext; border-right: 1pt solid windowtext; background: #002060; padding: 0cm 5.4pt;\" width=\"189\"><span style=\"color: #ffffff;\"><strong>Classifica\u00e7\u00e3o<\/strong><\/span><\/td>\n<\/tr>\n<tr>\n<td style=\"width: 184.35pt; border-right: 1pt solid windowtext; border-bottom: 1pt solid windowtext; border-left: 1pt solid windowtext; border-top: none; padding: 0cm 5.4pt;\" width=\"246\"><strong>Fabr\u00edcio Salvador Vidal<\/strong><\/td>\n<td style=\"width: 141.55pt; border-top: none; border-left: none; border-bottom: 1pt solid windowtext; border-right: 1pt solid windowtext; padding: 0cm 5.4pt;\" width=\"189\"><strong>Classificado<\/strong><\/td>\n<\/tr>\n<tr>\n<td style=\"width: 184.35pt; border-right: 1pt solid windowtext; border-bottom: 1pt solid windowtext; border-left: 1pt solid windowtext; border-top: none; padding: 0cm 5.4pt;\" width=\"246\">St\u00e9fani Fabiele Machado<\/td>\n<td style=\"width: 141.55pt; border-top: none; border-left: none; border-bottom: 1pt solid windowtext; border-right: 1pt solid windowtext; padding: 0cm 5.4pt;\" width=\"189\">N\u00e3o classificada<\/td>\n<\/tr>\n<tr>\n<td style=\"width: 184.35pt; border-right: 1pt solid windowtext; border-bottom: 1pt solid windowtext; border-left: 1pt solid windowtext; border-top: none; padding: 0cm 5.4pt;\" width=\"246\">Roberta Portella Figueir\u00f3<\/td>\n<td style=\"width: 141.55pt; border-top: none; border-left: none; border-bottom: 1pt solid windowtext; border-right: 1pt solid windowtext; padding: 0cm 5.4pt;\" width=\"189\">N\u00e3o classificada<\/td>\n<\/tr>\n<\/tbody>\n<\/table><\/div>\n<p style=\"text-align: justify;\"><span style=\"font-size: 12pt;\">Este ano, em fun\u00e7\u00e3o das limita\u00e7\u00f5es or\u00e7ament\u00e1rias do governo federal para o financiamento de projetos de pesquisa, o processo seletivo foi mais rigoroso e cauteloso que o dos anos anteriores.<\/span><\/p>\n<p style=\"text-align: justify;\"><span style=\"font-size: 12pt;\">No atual cen\u00e1rio, n\u00e3o vale a pena, nem para o orientado e nem para o orientador, assumir compromisso com o Programa de p\u00f3s-gradua\u00e7\u00e3o, poois n\u00e3o h\u00e1 condi\u00e7\u00f5es plenas de desenvolvimento de projetos de pesquisa de qualidade internacional, uma exig\u00eancia elementar para todo e qualquer trabalho realizado no GIA.&nbsp;<\/span><\/p>\n<p style=\"text-align: justify;\"><span style=\"font-size: 12pt;\">Sem a perspectiva de recebimento de bolsas e com restri\u00e7\u00f5es financeiras para o desenvolvimento dos projetos, apenas um dos candidatos conseguiu atender a nota de corte pr\u00e9-estabelecida para a sele\u00e7\u00e3o e foi classificado.<\/span><\/p>\n<p style=\"text-align: justify;\"><span style=\"font-size: 12pt;\">Agrade\u00e7o, com sinceridade, o interesse dos demais por participar do processo seletivo e desejo muita sorte e sucesso na vida profissional a todos os candidatos. N\u00e3o ter sido classificado n\u00e3o significa, em hip\u00f3tese alguma, ter ou n\u00e3o qualidades, estar ou n\u00e3o preparado para uma p\u00f3s-gradua\u00e7\u00e3o. Significa apenas que a avalia\u00e7\u00e3o realizada apontou que nesse momento \u00e9 melhor para ambas as partes n\u00e3o assumir compromissos com o Programa de P\u00f3s-Gradua\u00e7\u00e3o em Zootecnia.<\/span><\/p>\n<p style=\"text-align: justify;\"><span style=\"font-size: 12pt;\">Antonio Ostrensky<\/span><\/p>\n<p><span style=\"font-size: 11pt; line-height: 107%; font-family: Calibri, sans-serif;\"><\/span><\/p>\n","protected":false},"excerpt":{"rendered":"<p>&nbsp;MESTRADO E DOUTORADO (PROGRAMA DE P\u00d3S-GRADUA\u00c7\u00c3O EM ZOOTECNIA -UFPR) Resultado do processo seletivo para o Programa de P\u00f3s-Gradua\u00e7\u00e3o em Zootecnia-UFPR 2017 &nbsp; &nbsp; &nbsp; &nbsp; &nbsp; &nbsp; &nbsp; &nbsp; &nbsp; &nbsp; &nbsp; &nbsp; &nbsp; &nbsp; &nbsp; &nbsp; &nbsp; &nbsp; &nbsp; &nbsp; &nbsp; &nbsp; &nbsp; &nbsp; &nbsp; &nbsp; &nbsp; &nbsp; &nbsp; &nbsp; &nbsp; &nbsp; &nbsp; &nbsp; [&hellip;]<\/p>\n","protected":false},"author":1,"featured_media":0,"comment_status":"open","ping_status":"open","sticky":false,"template":"","format":"standard","meta":{"jnews-multi-image_gallery":[],"jnews_single_post":[],"jnews_primary_category":[],"footnotes":""},"categories":[258,1],"tags":[],"class_list":["post-1560","post","type-post","status-publish","format-standard","hentry","category-divulgacao-cientifica","category-noticias"],"_links":{"self":[{"href":"https:\/\/gia.org.br\/portal\/wp-json\/wp\/v2\/posts\/1560","targetHints":{"allow":["GET"]}}],"collection":[{"href":"https:\/\/gia.org.br\/portal\/wp-json\/wp\/v2\/posts"}],"about":[{"href":"https:\/\/gia.org.br\/portal\/wp-json\/wp\/v2\/types\/post"}],"author":[{"embeddable":true,"href":"https:\/\/gia.org.br\/portal\/wp-json\/wp\/v2\/users\/1"}],"replies":[{"embeddable":true,"href":"https:\/\/gia.org.br\/portal\/wp-json\/wp\/v2\/comments?post=1560"}],"version-history":[{"count":0,"href":"https:\/\/gia.org.br\/portal\/wp-json\/wp\/v2\/posts\/1560\/revisions"}],"wp:attachment":[{"href":"https:\/\/gia.org.br\/portal\/wp-json\/wp\/v2\/media?parent=1560"}],"wp:term":[{"taxonomy":"category","embeddable":true,"href":"https:\/\/gia.org.br\/portal\/wp-json\/wp\/v2\/categories?post=1560"},{"taxonomy":"post_tag","embeddable":true,"href":"https:\/\/gia.org.br\/portal\/wp-json\/wp\/v2\/tags?post=1560"}],"curies":[{"name":"wp","href":"https:\/\/api.w.org\/{rel}","templated":true}]}}