{"id":1119,"date":"2014-08-24T03:07:29","date_gmt":"2014-08-24T06:07:29","guid":{"rendered":"https:\/\/gia.org.br\/portal\/falta-de-chuva-ou-de-planejamento\/"},"modified":"2021-04-20T12:24:09","modified_gmt":"2021-04-20T15:24:09","slug":"falta-de-chuva-ou-de-planejamento","status":"publish","type":"post","link":"https:\/\/gia.org.br\/portal\/falta-de-chuva-ou-de-planejamento\/","title":{"rendered":"Falta de chuva ou de planejamento?"},"content":{"rendered":"<p style=\"text-align: center;\"><img fetchpriority=\"high\" decoding=\"async\" class=\" size-full wp-image-1118\" src=\"https:\/\/gia.org.br\/portal\/wp-content\/uploads\/2014\/08\/WaterDrop.jpg\" alt=\"WaterDrop\" width=\"500\" height=\"385\" srcset=\"https:\/\/gia.org.br\/portal\/wp-content\/uploads\/2014\/08\/WaterDrop.jpg 900w, https:\/\/gia.org.br\/portal\/wp-content\/uploads\/2014\/08\/WaterDrop-750x579.jpg 750w, https:\/\/gia.org.br\/portal\/wp-content\/uploads\/2014\/08\/WaterDrop-300x232.jpg 300w, https:\/\/gia.org.br\/portal\/wp-content\/uploads\/2014\/08\/WaterDrop-768x593.jpg 768w, https:\/\/gia.org.br\/portal\/wp-content\/uploads\/2014\/08\/WaterDrop-440x340.jpg 440w, https:\/\/gia.org.br\/portal\/wp-content\/uploads\/2014\/08\/WaterDrop-627x484.jpg 627w\" sizes=\"(max-width: 500px) 100vw, 500px\" \/><\/p>\n<p style=\"margin: 6pt 0cm; text-align: center; line-height: 16.8pt; background-image: initial; background-color: white; background-position: initial; background-repeat: initial;\" align=\"center\"><strong><span style=\"font-size: 12pt; font-family: Arial, sans-serif;\">Falta de chuva ou de planejamento?<\/span><\/strong><\/p>\n<p style=\"text-align: justify;\"><span style=\"font-size: 12pt; line-height: 115%; background-color: transparent;\">O desrespeito e a falta de consci\u00eancia na utiliza\u00e7\u00e3o dos recursos naturais j\u00e1 trazem para a sociedade uma s\u00e9rie de problemas que foram e continuam sendo previstos por cientistas de todo o mundo. Previs\u00f5es pessimistas, ali\u00e1s, que t\u00eam se confirmado, infelizmente.<\/span><\/p>\n<p style=\"text-align: justify;\"><span style=\"font-size: 12pt; line-height: 115%;\">Ao n\u00e3o se tomar medidas s\u00e9rias e imediatas em rela\u00e7\u00e3o \u00e0 conserva\u00e7\u00e3o ambiental e ao uso sustent\u00e1vel da \u00e1gua, n\u00e3o ser\u00e1 apenas o futuro do planeta que estar\u00e1 comprometido, mas sim o bem estar atual da nossa sociedade. Ou seja, n\u00e3o se est\u00e1 mais falando de s\u00e9culos e sim da nossa pr\u00f3pria gera\u00e7\u00e3o.<\/span><\/p>\n<p style=\"text-align: justify;\"><span style=\"font-size: 12pt; line-height: 115%;\">O comprometimento dos recursos h\u00eddricos exerce forte impacto no desenvolvimento da agropecu\u00e1ria, no crescimento da ind\u00fastria, na expans\u00e3o do com\u00e9rcio e no abastecimento de nossos pr\u00f3prios lares. Portanto, este \u00e9 um tema que afeta e diz respeito a todos. <\/span><\/p>\n<p style=\"text-align: justify;\"><span style=\"font-size: 12pt; line-height: 115%;\">Entretanto, como pode ser facilmente comprovado, o modelo atual de gest\u00e3o dos recursos h\u00eddricos n\u00e3o \u00e9 suficiente para reverter o grave quadro que se apresenta. Al\u00e9m da maior cidade do pa\u00eds vivendo sob a amea\u00e7a concreta de um racionamento de \u00e1gua, v\u00e1rias cidades da regi\u00e3o Sudeste j\u00e1 passam por esse racionamento levando a uma situa\u00e7\u00e3o de, no m\u00ednimo, aten\u00e7\u00e3o. H\u00e1 hoje um conflito declarado entre S\u00e3o Paulo e Rio de Janeiro pelas imprescind\u00edveis mas limitadas \u00e1guas do rio Para\u00edba do Sul. Os apag\u00f5es se tornam cada vez mais frequentes. Amea\u00e7as, cada vez mais reais, de racionamento de luz, al\u00e9m do aumento da depend\u00eancia das poluidoras termoel\u00e9tricas. Custos cada vez mais elevados para tratamento de \u00e1gua, tanto para consumo quanto para utiliza\u00e7\u00e3o industrial, pois a \u00e1gua est\u00e1 cada vez mais escassa e polu\u00edda.<\/span><\/p>\n<p style=\"text-align: justify;\"><span style=\"font-size: 12pt; line-height: 115%;\">Ser\u00e1 que a quest\u00e3o da \u00e1gua se resume apenas a chover ou n\u00e3o chover? Obviamente que n\u00e3o. \u00c9 preciso mais planejamento. \u00c9 preciso um maior envolvimento da sociedade com a quest\u00e3o dos recursos h\u00eddricos. \u00c9 preciso incentivar a cidadania de pessoas e empresas em rela\u00e7\u00e3o a estes recursos h\u00eddricos. \u00c9 preciso que o setor p\u00fablico compreenda que seu papel deveria ir muito al\u00e9m de cobrar impostos e criar taxas, sem conseguir devolv\u00ea-los na forma de servi\u00e7os eficientes \u00e0 popula\u00e7\u00e3o. Por fim, se ainda parece ser um pouco ut\u00f3pico exigir das ind\u00fastrias que enxerguem que sua fun\u00e7\u00e3o social deve ir al\u00e9m de simplesmente cumprir a lei, \u00e9 f\u00e1cil mostrar a elas que racionalizar o processo de uso da \u00e1gua \u00e9 fundamental para garantir a sua competitividade em um mercado cada vez mais globalizado.<\/span><\/p>\n<p style=\"text-align: justify;\"><span style=\"font-size: 12pt; line-height: 115%;\">O que se observa hoje, entretanto, \u00e9 uma situa\u00e7\u00e3o (que ser\u00e1 mais detalhada a seguir) em que as ind\u00fastrias s\u00e3o obrigadas a pagar pelo uso da \u00e1gua, aumentando seus custos que, obviamente, ser\u00e3o repassados aos consumidores. Por outro lado, os recursos arrecadados s\u00e3o insuficientes sequer para que o Poder P\u00fablico possa garantir que a longo prazo as empresas continuar\u00e3o tendo acesso \u00e0 pr\u00f3pria \u00e1gua ou \u00e0 energia gerada a partir de fontes h\u00eddricas. Mais uma vez, h\u00e1 algo errado nessa equa\u00e7\u00e3o!&nbsp;<\/span><\/p>\n<p style=\"text-align: justify;\"><span style=\"font-size: 12pt; line-height: 115%;\"><strong style=\"font-size: 11.1111116409302px; line-height: 22.3999996185303px; text-align: justify;\"><span style=\"font-size: 12pt; font-family: Arial, sans-serif;\">Antonio Ostrensky<\/span><\/strong><\/span><\/p>\n","protected":false},"excerpt":{"rendered":"<p>Falta de chuva ou de planejamento? O desrespeito e a falta de consci\u00eancia na utiliza\u00e7\u00e3o dos recursos naturais j\u00e1 trazem para a sociedade uma s\u00e9rie de problemas que foram e continuam sendo previstos por cientistas de todo o mundo. Previs\u00f5es pessimistas, ali\u00e1s, que t\u00eam se confirmado, infelizmente. Ao n\u00e3o se tomar medidas s\u00e9rias e imediatas [&hellip;]<\/p>\n","protected":false},"author":1,"featured_media":1118,"comment_status":"open","ping_status":"open","sticky":false,"template":"","format":"standard","meta":{"jnews-multi-image_gallery":[],"jnews_single_post":[],"jnews_primary_category":[],"footnotes":""},"categories":[258,1],"tags":[],"class_list":["post-1119","post","type-post","status-publish","format-standard","has-post-thumbnail","hentry","category-divulgacao-cientifica","category-noticias"],"_links":{"self":[{"href":"https:\/\/gia.org.br\/portal\/wp-json\/wp\/v2\/posts\/1119","targetHints":{"allow":["GET"]}}],"collection":[{"href":"https:\/\/gia.org.br\/portal\/wp-json\/wp\/v2\/posts"}],"about":[{"href":"https:\/\/gia.org.br\/portal\/wp-json\/wp\/v2\/types\/post"}],"author":[{"embeddable":true,"href":"https:\/\/gia.org.br\/portal\/wp-json\/wp\/v2\/users\/1"}],"replies":[{"embeddable":true,"href":"https:\/\/gia.org.br\/portal\/wp-json\/wp\/v2\/comments?post=1119"}],"version-history":[{"count":0,"href":"https:\/\/gia.org.br\/portal\/wp-json\/wp\/v2\/posts\/1119\/revisions"}],"wp:featuredmedia":[{"embeddable":true,"href":"https:\/\/gia.org.br\/portal\/wp-json\/wp\/v2\/media\/1118"}],"wp:attachment":[{"href":"https:\/\/gia.org.br\/portal\/wp-json\/wp\/v2\/media?parent=1119"}],"wp:term":[{"taxonomy":"category","embeddable":true,"href":"https:\/\/gia.org.br\/portal\/wp-json\/wp\/v2\/categories?post=1119"},{"taxonomy":"post_tag","embeddable":true,"href":"https:\/\/gia.org.br\/portal\/wp-json\/wp\/v2\/tags?post=1119"}],"curies":[{"name":"wp","href":"https:\/\/api.w.org\/{rel}","templated":true}]}}